{"id":11287,"date":"2015-10-09T09:16:12","date_gmt":"2015-10-09T09:16:12","guid":{"rendered":"https:\/\/www.journalismlab.nl\/?p=11287"},"modified":"2021-06-25T14:29:03","modified_gmt":"2021-06-25T14:29:03","slug":"media-emotie","status":"publish","type":"post","link":"https:\/\/www.journalismlab.nl\/en\/media-emotie\/","title":{"rendered":"Media &#038; emotie"},"content":{"rendered":"<p>Dat media iets met mensen doen, weten we al zo lang er over mens en media gedacht wordt. Maar wat media doen, met welke mensen, onder welke omstandigheden en hoe die zogenoemde media-effecten tot stand komen, is al minstens honderd jaar <a href=\"http:\/\/shs.ntu.edu.tw\/course\/uploads\/week_20121221054258_3163.pdf\">onderwerp van debat<\/a>.<\/p>\n<p>Aan dat debat is sinds relatief kort een even complicerende als inzichtrijke factor toegevoegd: de rol van emoties. Die toevoeging is conform een contemporaine \u2018mode\u2019 in andere wetenschappen dan de psychologie, in journalistiek, ja zelfs in alledaagse openbaarheid: de groeiende aandacht voor emotie. Zo zijn er in afgelopen jaren op vele plekken onderzoeksinstituten opgericht (ACCESS aan de VU bijvoorbeeld, 2011), projecten gestart (Dutchness, emotions and Senses bij het Meertens Instituut, 2013) en specials van tijdschriften uitgegeven (BMGN\/Low Countries Historical Review 2014 nr. 2). Internationaal gebeurt er nog veel meer. Een teken aan de wand is de recente <a href=\"http:\/\/ukcatalogue.oup.com\/product\/9780199668335.do\">vertaling in het Engels<\/a> van Geschichte und Gef\u00fchl van Jan Plamper.<\/p>\n<p>In hetzelfde kader past ook de onlangs aan de VU uitgesproken inaugurele rede van psychologe Elly Konijn, getiteld \u2018Bewogen door media en emotie\u2019 (voorlopig verkrijgbaar bij auteur of via\u00a0s.gielink@vu.nl). De eerste zin ervan is programmatisch: \u2018Media en emoties zijn onlosmakelijk met elkaar verbonden. Toch wordt de rol van emoties in het gebruik van die media slechts mondjesmaat bestudeerd. In mijn onderzoeksprogramma spelen emoties en media juist een centrale rol.\u2019<\/p>\n<p>Konijn is mediapsychologe, een discipline waarvan het onderzoeksveld de klassieke media-onderzoeker vermoedelijk niet meteen duidelijk zal zijn maar die goed past bij een samenleving die aan alle kanten doordrenkt is van media (en emoties). Wat doen die media met ons en wat doen wij met die media? Aldus de belangrijkste vragen van de mediapsychologie.<\/p>\n<p>De emotie is volgens Konijn bij uitstek het gebied waar de interpretatie van waarneming zich laat gelden. Ze bedoelt, denk ik: als ons mediagebruik ergens aan appelleert, dan zijn het wel aan de emoties (meer dan aan het verstand). Dat is vooral lastig, vervolgt Konijn, omdat we die emoties eigenlijk niet goed kunnen waarnemen. We nemen wel iets waar maar dat zegt meer over degene die waarneemt dan over dat wat waargenomen wordt. Een prachtig voorbeeld hiervan is het plaatje van de boze paprika\u2019s. Geloof me, de paprika\u2019s zijn niet boos.<\/p>\n<p><a href=\"https:\/\/www.journalismlab.nl\/wp-content\/uploads\/2015\/10\/99.jpg\"><img fetchpriority=\"high\" decoding=\"async\" class=\"size-medium wp-image-11288 aligncenter\" src=\"https:\/\/www.journalismlab.nl\/wp-content\/uploads\/2015\/10\/99-300x225.jpg\" alt=\"99\" width=\"300\" height=\"225\" \/><\/a><\/p>\n<p>In haar rede kondigt Konijn drie onderzoekslijnen aan. Een daarvan is de scheiding tussen de ervaring van fictie en werkelijkheid. De stelling: hoe sterker de emotionele betrokkenheid, hoe meer een gebeurtenis als werkelijk wordt ervaren. De daad-werkelijkheid is ondergeschikt. Wat echt voelt, is echt.<\/p>\n<p>Deze constatering is van cruciaal belang voor een tweede onderzoekslijn. Deze betreft een problematiek waar iedereen dag in dag uit, direct of indirect (al is het maar via het nieuws) mee te maken heeft: de invloed van media op jongeren, bijvoorbeeld van game-helden op puberjongens en van ultraslanke modellen op jonge meiden. Zeker dat laatste is ondertussen wel een wat uitgekauwd onderwerp maar dat maakt het niet minder belangrijk. Bovendien is Konijn voorzichtig. Injectienaaldtheorie\u00ebn en varianten daarop zijn lang pass\u00e9, er is oog voor individuele verschillen en er is het besef dat media slechts \u00e9\u00e9n onder vele be\u00efnvloedingsfactoren zijn.<\/p>\n<p>Konijns derde aandachtspunt ligt eveneens in het verlengde van het eerstgenoemde. Voorbeeld is Sweetie, het 10-jarig Internetmeisje uit de Filippijnen dat enkele jaren geleden nogal wat pedofielen het hoofd op hol bracht. Sweetie was een avatar maar werd als echt ervaren omdat mannen dat wensten. Een dergelijke pop kan echter op vele manieren ingezet worden, ook voor goede zaken, bijvoorbeeld om <a href=\"https:\/\/vimeo.com\/115665808\">oudere mensen het gevoel van eenzaamheid te ontnemen<\/a>.<\/p>\n<p>\u2018Gegeven de resultaten tot nog toe is ons motto dat sociale robots de zorg niet ontmenselijken maar juist menselijker kunnen maken,\u2019 stelt Konijn dan ook. \u2018Robots kunnen bijvoorbeeld vele routinetaken uit handen nemen en gezelschap houden, waardoor de zorgverleners zich kunnen richten op hun professionele vaardigheden.\u2019<\/p>\n<p>\u2018Samenvattend,\u2019 besluit Konijn haar rede, \u2018de emotionele reactie van het individu op dat wat de media hem voorspiegelt, bepaalt in hoeverre die media hem beweegt daarnaar te handelen. En dan gaat het niet zozeer om het tijdelijk meeleven met het personage, maar meer om hoe die emotionele reactie een uiting is van de eigen wensen, verlangens en behoeften en hoe die de diepere lagen aanspreekt, de snaren raakt. Inderdaad, het woord emotie is niet voor niets afgeleid van het Latijnse \u2018emovere\u2019 &#8211; het in beweging komen. Door de emotie brengen media ons in beweging.\u2019<\/p>\n<p>En het verstand dan, zo vraag je je af. Doet dat echt zoveel minder dan wij altijd geleerd hebben? Om voor de hand liggende redenen gaat Konijn op die vraag niet in \u2013 dat zou een andere rede vergen. Niettemin knelt hij, die vraag. Zijn wij mensen daadwerkelijk zo anders dan vijfhonderd jaar vertoog over toenemende rationaliteit door Renaissance, Verlichting en meer geleerd heeft? Zijn we eigenlijk niet gewoon beestjes, bewogen door &#8216;instincten&#8217; die in onze gemediatiseerde wereld op hun beurt eerst en vooral door media (teweeg)gebracht worden? Is dat hele rationaliteitscircus uit de beschavingstheorie vooral ideologie, wensbeeld eventueel?<\/p>\n<p>Naast Konijns rede ligt <a href=\"https:\/\/en.wikipedia.org\/wiki\/Thinking,_Fast_and_Slow\">Ons feilbare denken<\/a> van Nobelprijswinnaar Daniel Kahneman op mijn bureau. Daarboven hangt een boekenkast vol geleerde vertogen. Het voelt ongemakkelijk.<\/p>\n<p>&nbsp;<\/p>","protected":false},"excerpt":{"rendered":"<p>Dat media iets met mensen doen, weten we al zo lang er over mens en media gedacht wordt. Maar wat media doen, met welke mensen, onder welke omstandigheden en hoe die zogenoemde media-effecten tot stand komen, is al minstens honderd jaar onderwerp van debat. Aan dat debat is sinds relatief kort een even complicerende als [&hellip;]<\/p>","protected":false},"author":21,"featured_media":0,"comment_status":"open","ping_status":"open","sticky":false,"template":"","format":"standard","meta":{"_acf_changed":false,"footnotes":""},"categories":[1],"tags":[4346],"coauthors":[],"class_list":["post-11287","post","type-post","status-publish","format-standard","hentry","category-artikel","tag-productie"],"acf":[],"yoast_head":"<!-- This site is optimized with the Yoast SEO plugin v26.0 - https:\/\/yoast.com\/wordpress\/plugins\/seo\/ -->\n<title>Journalismlab &#8211; Media &amp; emotie<\/title>\n<meta name=\"robots\" content=\"index, follow, max-snippet:-1, max-image-preview:large, max-video-preview:-1\" \/>\n<link rel=\"canonical\" href=\"https:\/\/www.journalismlab.nl\/en\/media-emotie\/\" \/>\n<meta property=\"og:locale\" content=\"en_GB\" \/>\n<meta property=\"og:type\" content=\"article\" \/>\n<meta property=\"og:title\" content=\"Journalismlab &#8211; Media &amp; emotie\" \/>\n<meta property=\"og:description\" content=\"Dat media iets met mensen doen, weten we al zo lang er over mens en media gedacht wordt. Maar wat media doen, met welke mensen, onder welke omstandigheden en hoe die zogenoemde media-effecten tot stand komen, is al minstens honderd jaar onderwerp van debat. Aan dat debat is sinds relatief kort een even complicerende als [&hellip;]\" \/>\n<meta property=\"og:url\" content=\"https:\/\/www.journalismlab.nl\/en\/media-emotie\/\" \/>\n<meta property=\"og:site_name\" content=\"Journalismlab\" \/>\n<meta property=\"article:published_time\" content=\"2015-10-09T09:16:12+00:00\" \/>\n<meta property=\"article:modified_time\" content=\"2021-06-25T14:29:03+00:00\" \/>\n<meta property=\"og:image\" content=\"https:\/\/www.journalismlab.nl\/wp-content\/uploads\/2015\/10\/99-300x225.jpg\" \/>\n<meta name=\"author\" content=\"Chris van der Heijden\" \/>\n<meta name=\"twitter:card\" content=\"summary_large_image\" \/>\n<meta name=\"twitter:label1\" content=\"Written by\" \/>\n\t<meta name=\"twitter:data1\" content=\"Chris van der Heijden\" \/>\n\t<meta name=\"twitter:label2\" content=\"Estimated reading time\" \/>\n\t<meta name=\"twitter:data2\" content=\"4 minutes\" \/>\n<script type=\"application\/ld+json\" class=\"yoast-schema-graph\">{\"@context\":\"https:\/\/schema.org\",\"@graph\":[{\"@type\":\"Article\",\"@id\":\"https:\/\/www.journalismlab.nl\/media-emotie\/#article\",\"isPartOf\":{\"@id\":\"https:\/\/www.journalismlab.nl\/media-emotie\/\"},\"author\":{\"name\":\"Chris van der Heijden\",\"@id\":\"https:\/\/www.journalismlab.nl\/#\/schema\/person\/f7a0b8657e3a7c2cc3809bffb595a9a4\"},\"headline\":\"Media &#038; emotie\",\"datePublished\":\"2015-10-09T09:16:12+00:00\",\"dateModified\":\"2021-06-25T14:29:03+00:00\",\"mainEntityOfPage\":{\"@id\":\"https:\/\/www.journalismlab.nl\/media-emotie\/\"},\"wordCount\":850,\"commentCount\":0,\"publisher\":{\"@id\":\"https:\/\/www.journalismlab.nl\/#organization\"},\"image\":{\"@id\":\"https:\/\/www.journalismlab.nl\/media-emotie\/#primaryimage\"},\"thumbnailUrl\":\"https:\/\/www.journalismlab.nl\/wp-content\/uploads\/2015\/10\/99-300x225.jpg\",\"keywords\":[\"Productie\"],\"articleSection\":[\"Artikel\"],\"inLanguage\":\"en-GB\",\"potentialAction\":[{\"@type\":\"CommentAction\",\"name\":\"Comment\",\"target\":[\"https:\/\/www.journalismlab.nl\/media-emotie\/#respond\"]}]},{\"@type\":\"WebPage\",\"@id\":\"https:\/\/www.journalismlab.nl\/media-emotie\/\",\"url\":\"https:\/\/www.journalismlab.nl\/media-emotie\/\",\"name\":\"Journalismlab &#8211; Media & emotie\",\"isPartOf\":{\"@id\":\"https:\/\/www.journalismlab.nl\/#website\"},\"primaryImageOfPage\":{\"@id\":\"https:\/\/www.journalismlab.nl\/media-emotie\/#primaryimage\"},\"image\":{\"@id\":\"https:\/\/www.journalismlab.nl\/media-emotie\/#primaryimage\"},\"thumbnailUrl\":\"https:\/\/www.journalismlab.nl\/wp-content\/uploads\/2015\/10\/99-300x225.jpg\",\"datePublished\":\"2015-10-09T09:16:12+00:00\",\"dateModified\":\"2021-06-25T14:29:03+00:00\",\"breadcrumb\":{\"@id\":\"https:\/\/www.journalismlab.nl\/media-emotie\/#breadcrumb\"},\"inLanguage\":\"en-GB\",\"potentialAction\":[{\"@type\":\"ReadAction\",\"target\":[\"https:\/\/www.journalismlab.nl\/media-emotie\/\"]}]},{\"@type\":\"ImageObject\",\"inLanguage\":\"en-GB\",\"@id\":\"https:\/\/www.journalismlab.nl\/media-emotie\/#primaryimage\",\"url\":\"https:\/\/www.journalismlab.nl\/wp-content\/uploads\/2015\/10\/99-300x225.jpg\",\"contentUrl\":\"https:\/\/www.journalismlab.nl\/wp-content\/uploads\/2015\/10\/99-300x225.jpg\"},{\"@type\":\"BreadcrumbList\",\"@id\":\"https:\/\/www.journalismlab.nl\/media-emotie\/#breadcrumb\",\"itemListElement\":[{\"@type\":\"ListItem\",\"position\":1,\"name\":\"Productie\",\"item\":\"https:\/\/www.journalismlab.nl\/thema\/productie\/\"},{\"@type\":\"ListItem\",\"position\":2,\"name\":\"Media &#038; emotie\"}]},{\"@type\":\"WebSite\",\"@id\":\"https:\/\/www.journalismlab.nl\/#website\",\"url\":\"https:\/\/www.journalismlab.nl\/\",\"name\":\"Journalismlab\",\"description\":\"Lectoraat journalistiek van de Hogeschool Utrecht\",\"publisher\":{\"@id\":\"https:\/\/www.journalismlab.nl\/#organization\"},\"potentialAction\":[{\"@type\":\"SearchAction\",\"target\":{\"@type\":\"EntryPoint\",\"urlTemplate\":\"https:\/\/www.journalismlab.nl\/?s={search_term_string}\"},\"query-input\":{\"@type\":\"PropertyValueSpecification\",\"valueRequired\":true,\"valueName\":\"search_term_string\"}}],\"inLanguage\":\"en-GB\"},{\"@type\":\"Organization\",\"@id\":\"https:\/\/www.journalismlab.nl\/#organization\",\"name\":\"Journalismlab\",\"url\":\"https:\/\/www.journalismlab.nl\/\",\"logo\":{\"@type\":\"ImageObject\",\"inLanguage\":\"en-GB\",\"@id\":\"https:\/\/www.journalismlab.nl\/#\/schema\/logo\/image\/\",\"url\":\"https:\/\/www.journalismlab.nl\/wp-content\/uploads\/2021\/04\/journalismlab-footer.png\",\"contentUrl\":\"https:\/\/www.journalismlab.nl\/wp-content\/uploads\/2021\/04\/journalismlab-footer.png\",\"width\":503,\"height\":84,\"caption\":\"Journalismlab\"},\"image\":{\"@id\":\"https:\/\/www.journalismlab.nl\/#\/schema\/logo\/image\/\"}},{\"@type\":\"Person\",\"@id\":\"https:\/\/www.journalismlab.nl\/#\/schema\/person\/f7a0b8657e3a7c2cc3809bffb595a9a4\",\"name\":\"Chris van der Heijden\",\"image\":{\"@type\":\"ImageObject\",\"inLanguage\":\"en-GB\",\"@id\":\"https:\/\/www.journalismlab.nl\/#\/schema\/person\/image\/008d250ef8c5ced4e06ba435d66d2f70\",\"url\":\"https:\/\/www.journalismlab.nl\/wp-content\/uploads\/2021\/05\/ChrisvanderHeiden-1024x1024-1-150x150.jpeg\",\"contentUrl\":\"https:\/\/www.journalismlab.nl\/wp-content\/uploads\/2021\/05\/ChrisvanderHeiden-1024x1024-1-150x150.jpeg\",\"caption\":\"Chris van der Heijden\"},\"description\":\"Chris van der Heijden studeerde geschiedenis, filosofie en literatuurwetenschap aan de Universiteit van Utrecht. Hij was jarenlang werkzaam bij verschillende media (krant, tijdschrift, radio, tv) en maakte in die hoedanigheid honderden artikelen en programma\u2019s over uiteenlopende onderwerpen. In de loop der jaren publiceerde hij een twintigtal boeken en boekjes over uiteenlopende onderwerpen. Daaronder over de Tweede Wereldoorlog, over Spanje in de vijftiende en zestiende eeuw, over Isra\u00ebl, armoede, managerscultuur en het merk LINDA. Ook publiceerde hij tal van artikelen, ondermeer over het huidig medialandschap. \\\"Ik ben een marktplein waarop vele ikken samenkomen\\\" De voornaamste belangstelling van Chris van der Heijden ten aanzien van media gaat uit naar de rol in de samenleving, dus naar onderwerpen als media en macht of media, zingeving en identiteit. Ook is hij zeer ge\u00efnteresseerd in het mediadebat over actuele onderwerpen. Bij zijn onderzoek hanteert hij het liefst een historisch perspectief.\",\"url\":\"https:\/\/www.journalismlab.nl\/en\/author\/chris-van-der-heijden\/\"}]}<\/script>\n<!-- \/ Yoast SEO plugin. -->","yoast_head_json":{"title":"Journalismlab &#8211; Media & emotie","robots":{"index":"index","follow":"follow","max-snippet":"max-snippet:-1","max-image-preview":"max-image-preview:large","max-video-preview":"max-video-preview:-1"},"canonical":"https:\/\/www.journalismlab.nl\/en\/media-emotie\/","og_locale":"en_GB","og_type":"article","og_title":"Journalismlab &#8211; Media & emotie","og_description":"Dat media iets met mensen doen, weten we al zo lang er over mens en media gedacht wordt. Maar wat media doen, met welke mensen, onder welke omstandigheden en hoe die zogenoemde media-effecten tot stand komen, is al minstens honderd jaar onderwerp van debat. Aan dat debat is sinds relatief kort een even complicerende als [&hellip;]","og_url":"https:\/\/www.journalismlab.nl\/en\/media-emotie\/","og_site_name":"Journalismlab","article_published_time":"2015-10-09T09:16:12+00:00","article_modified_time":"2021-06-25T14:29:03+00:00","og_image":[{"url":"https:\/\/www.journalismlab.nl\/wp-content\/uploads\/2015\/10\/99-300x225.jpg","type":"","width":"","height":""}],"author":"Chris van der Heijden","twitter_card":"summary_large_image","twitter_misc":{"Written by":"Chris van der Heijden","Estimated reading time":"4 minutes"},"schema":{"@context":"https:\/\/schema.org","@graph":[{"@type":"Article","@id":"https:\/\/www.journalismlab.nl\/media-emotie\/#article","isPartOf":{"@id":"https:\/\/www.journalismlab.nl\/media-emotie\/"},"author":{"name":"Chris van der Heijden","@id":"https:\/\/www.journalismlab.nl\/#\/schema\/person\/f7a0b8657e3a7c2cc3809bffb595a9a4"},"headline":"Media &#038; emotie","datePublished":"2015-10-09T09:16:12+00:00","dateModified":"2021-06-25T14:29:03+00:00","mainEntityOfPage":{"@id":"https:\/\/www.journalismlab.nl\/media-emotie\/"},"wordCount":850,"commentCount":0,"publisher":{"@id":"https:\/\/www.journalismlab.nl\/#organization"},"image":{"@id":"https:\/\/www.journalismlab.nl\/media-emotie\/#primaryimage"},"thumbnailUrl":"https:\/\/www.journalismlab.nl\/wp-content\/uploads\/2015\/10\/99-300x225.jpg","keywords":["Productie"],"articleSection":["Artikel"],"inLanguage":"en-GB","potentialAction":[{"@type":"CommentAction","name":"Comment","target":["https:\/\/www.journalismlab.nl\/media-emotie\/#respond"]}]},{"@type":"WebPage","@id":"https:\/\/www.journalismlab.nl\/media-emotie\/","url":"https:\/\/www.journalismlab.nl\/media-emotie\/","name":"Journalismlab &#8211; Media & emotie","isPartOf":{"@id":"https:\/\/www.journalismlab.nl\/#website"},"primaryImageOfPage":{"@id":"https:\/\/www.journalismlab.nl\/media-emotie\/#primaryimage"},"image":{"@id":"https:\/\/www.journalismlab.nl\/media-emotie\/#primaryimage"},"thumbnailUrl":"https:\/\/www.journalismlab.nl\/wp-content\/uploads\/2015\/10\/99-300x225.jpg","datePublished":"2015-10-09T09:16:12+00:00","dateModified":"2021-06-25T14:29:03+00:00","breadcrumb":{"@id":"https:\/\/www.journalismlab.nl\/media-emotie\/#breadcrumb"},"inLanguage":"en-GB","potentialAction":[{"@type":"ReadAction","target":["https:\/\/www.journalismlab.nl\/media-emotie\/"]}]},{"@type":"ImageObject","inLanguage":"en-GB","@id":"https:\/\/www.journalismlab.nl\/media-emotie\/#primaryimage","url":"https:\/\/www.journalismlab.nl\/wp-content\/uploads\/2015\/10\/99-300x225.jpg","contentUrl":"https:\/\/www.journalismlab.nl\/wp-content\/uploads\/2015\/10\/99-300x225.jpg"},{"@type":"BreadcrumbList","@id":"https:\/\/www.journalismlab.nl\/media-emotie\/#breadcrumb","itemListElement":[{"@type":"ListItem","position":1,"name":"Productie","item":"https:\/\/www.journalismlab.nl\/thema\/productie\/"},{"@type":"ListItem","position":2,"name":"Media &#038; emotie"}]},{"@type":"WebSite","@id":"https:\/\/www.journalismlab.nl\/#website","url":"https:\/\/www.journalismlab.nl\/","name":"Journalismlab","description":"Lectoraat journalistiek van de Hogeschool Utrecht","publisher":{"@id":"https:\/\/www.journalismlab.nl\/#organization"},"potentialAction":[{"@type":"SearchAction","target":{"@type":"EntryPoint","urlTemplate":"https:\/\/www.journalismlab.nl\/?s={search_term_string}"},"query-input":{"@type":"PropertyValueSpecification","valueRequired":true,"valueName":"search_term_string"}}],"inLanguage":"en-GB"},{"@type":"Organization","@id":"https:\/\/www.journalismlab.nl\/#organization","name":"Journalismlab","url":"https:\/\/www.journalismlab.nl\/","logo":{"@type":"ImageObject","inLanguage":"en-GB","@id":"https:\/\/www.journalismlab.nl\/#\/schema\/logo\/image\/","url":"https:\/\/www.journalismlab.nl\/wp-content\/uploads\/2021\/04\/journalismlab-footer.png","contentUrl":"https:\/\/www.journalismlab.nl\/wp-content\/uploads\/2021\/04\/journalismlab-footer.png","width":503,"height":84,"caption":"Journalismlab"},"image":{"@id":"https:\/\/www.journalismlab.nl\/#\/schema\/logo\/image\/"}},{"@type":"Person","@id":"https:\/\/www.journalismlab.nl\/#\/schema\/person\/f7a0b8657e3a7c2cc3809bffb595a9a4","name":"Chris van der Heijden","image":{"@type":"ImageObject","inLanguage":"en-GB","@id":"https:\/\/www.journalismlab.nl\/#\/schema\/person\/image\/008d250ef8c5ced4e06ba435d66d2f70","url":"https:\/\/www.journalismlab.nl\/wp-content\/uploads\/2021\/05\/ChrisvanderHeiden-1024x1024-1-150x150.jpeg","contentUrl":"https:\/\/www.journalismlab.nl\/wp-content\/uploads\/2021\/05\/ChrisvanderHeiden-1024x1024-1-150x150.jpeg","caption":"Chris van der Heijden"},"description":"Chris van der Heijden studeerde geschiedenis, filosofie en literatuurwetenschap aan de Universiteit van Utrecht. Hij was jarenlang werkzaam bij verschillende media (krant, tijdschrift, radio, tv) en maakte in die hoedanigheid honderden artikelen en programma\u2019s over uiteenlopende onderwerpen. In de loop der jaren publiceerde hij een twintigtal boeken en boekjes over uiteenlopende onderwerpen. Daaronder over de Tweede Wereldoorlog, over Spanje in de vijftiende en zestiende eeuw, over Isra\u00ebl, armoede, managerscultuur en het merk LINDA. Ook publiceerde hij tal van artikelen, ondermeer over het huidig medialandschap. \"Ik ben een marktplein waarop vele ikken samenkomen\" De voornaamste belangstelling van Chris van der Heijden ten aanzien van media gaat uit naar de rol in de samenleving, dus naar onderwerpen als media en macht of media, zingeving en identiteit. Ook is hij zeer ge\u00efnteresseerd in het mediadebat over actuele onderwerpen. Bij zijn onderzoek hanteert hij het liefst een historisch perspectief.","url":"https:\/\/www.journalismlab.nl\/en\/author\/chris-van-der-heijden\/"}]}},"_links":{"self":[{"href":"https:\/\/www.journalismlab.nl\/en\/wp-json\/wp\/v2\/posts\/11287","targetHints":{"allow":["GET"]}}],"collection":[{"href":"https:\/\/www.journalismlab.nl\/en\/wp-json\/wp\/v2\/posts"}],"about":[{"href":"https:\/\/www.journalismlab.nl\/en\/wp-json\/wp\/v2\/types\/post"}],"author":[{"embeddable":true,"href":"https:\/\/www.journalismlab.nl\/en\/wp-json\/wp\/v2\/users\/21"}],"replies":[{"embeddable":true,"href":"https:\/\/www.journalismlab.nl\/en\/wp-json\/wp\/v2\/comments?post=11287"}],"version-history":[{"count":1,"href":"https:\/\/www.journalismlab.nl\/en\/wp-json\/wp\/v2\/posts\/11287\/revisions"}],"predecessor-version":[{"id":21431,"href":"https:\/\/www.journalismlab.nl\/en\/wp-json\/wp\/v2\/posts\/11287\/revisions\/21431"}],"wp:attachment":[{"href":"https:\/\/www.journalismlab.nl\/en\/wp-json\/wp\/v2\/media?parent=11287"}],"wp:term":[{"taxonomy":"category","embeddable":true,"href":"https:\/\/www.journalismlab.nl\/en\/wp-json\/wp\/v2\/categories?post=11287"},{"taxonomy":"post_tag","embeddable":true,"href":"https:\/\/www.journalismlab.nl\/en\/wp-json\/wp\/v2\/tags?post=11287"},{"taxonomy":"author","embeddable":true,"href":"https:\/\/www.journalismlab.nl\/en\/wp-json\/wp\/v2\/coauthors?post=11287"}],"curies":[{"name":"wp","href":"https:\/\/api.w.org\/{rel}","templated":true}]}}