{"id":10802,"date":"2015-06-08T12:36:52","date_gmt":"2015-06-08T12:36:52","guid":{"rendered":"https:\/\/www.journalismlab.nl\/?p=10802"},"modified":"2021-07-06T14:50:07","modified_gmt":"2021-07-06T14:50:07","slug":"dag-van-de-lokale-journalistiek-nieuwe-cijfers-nieuw-boek","status":"publish","type":"post","link":"https:\/\/www.journalismlab.nl\/en\/dag-van-de-lokale-journalistiek-nieuwe-cijfers-nieuw-boek\/","title":{"rendered":"Dag van de Lokale Journalistiek; nieuwe cijfers, nieuw boek"},"content":{"rendered":"<p><strong>In de afgelopen tien jaar zijn er in Nederland meer dan vierhonderd onafhankelijke online nieuwssites bijgekomen die met enig regelmaat eigen lokaal nieuws produceren. De eigenaren van deze sites worden professioneler in journalistieke aanpak en ook een bedrijfsmatiger manier van werken wordt vaker gezien. Er wordt ook nog wel veel ge\u00ebxperimenteerd, aldus de eigenaren. <\/strong><\/p>\n<p>Het hyperlocal bedrijfsmodel kenmerkt zich nog wel door lage omzetten en de inzet van vrijwilligers. Sociale media worden nog niet ten volle benut, en op het gebied van marketing en advertentie-inkomsten blijven de veelal kleine bedrijven achter. Lokaal nieuws is dominant en de productie van eigen nieuws wordt belangrijk gevonden. <\/p>\n<p>Aankomende donderdag 11 juni presenteert het lectoraat Crossmediale Kwaliteitsjournalistiek nieuwe cijfers over omvang, strategie en motivatie van hyperlocals in Nederland. Een verslag van resultaten van een survey onder eigenaren van hyperlocals staat in het deze week gepubliceerde boek <em>Local Journalism, The Decline Of Newspapers And The Rise Of Digital Media van het Reuters Institute for the Study of Journalism<\/em>, een uitgave van de Universiteit van Oxford en uitgeverij I.B.Tauris &amp; Co.. <\/p>\n<p>Een kopie van de inhoud en het eerste hoofdstuk, geschreven door Rasmus Kleis Nielsen, de directeur van het Reuters Institute for the Study of Journalism en de redacteur van het boek, staat <a href=\"https:\/\/reutersinstitute.politics.ox.ac.uk\/sites\/default\/files\/Local%20Journalism%20-%20the%20decline%20of%20newspapers%20and%20the%20rise%20of%20digital%20media.pdf\">here<\/a>. Hoofdstuk 8 is het artikel <em>Hyperlocal with a Mission? Motivation, Strategy, Engagement<\/em>, door Marco van Kerkhoven en Piet Bakker.   <\/p>\n<p><strong>Experimenteren<\/strong><\/p>\n<p>De motivatie om een lokale online nieuwswebsite te beginnen blijkt deels geworteld in zorgen over een teruglopend lokaal nieuwsaanbod. Maar ook commerci\u00eble doelstellingen spelen een rol. In strategische ambities en mate van betrokkenheid zijn weinig verschillen tussen ideologisch non-profit hyperlocals en degenen die meer commercieel geori\u00ebnteerd zijn. Een meerderheid van de eigenaren zegt een journalistieke aanpak niet als een voorwaarde te zien, commerci\u00eble kansen prevaleren. Daarom bestaat tegen het plaatsen van commerci\u00eble boodschappen van derden tussen redactionele kopij weinig principieel bezwaar. <\/p>\n<p>De online lokale nieuwssites in Nederland profiteren nog niet optimaal van de mogelijkheden die de online omgeving en de digitalisering van de media bieden. In vergelijking met traditionele media nemen de hyperlocals wel meer vrijheden om te experimenteren met redactieformules en online technologie. Maar door een gebrek aan tijd en geld worden ook die mogelijkheden niet ten volle benut, aldus de ge\u00efnterviewden. <\/p>\n<p>Donderdag meer!<\/p>","protected":false},"excerpt":{"rendered":"<p>In de afgelopen tien jaar zijn er in Nederland meer dan vierhonderd onafhankelijke online nieuwssites bijgekomen die met enig regelmaat eigen lokaal nieuws produceren. De eigenaren van deze sites worden professioneler in journalistieke aanpak en ook een bedrijfsmatiger manier van werken wordt vaker gezien. Er wordt ook nog wel veel ge\u00ebxperimenteerd, aldus de eigenaren. Het [&hellip;]<\/p>","protected":false},"author":42,"featured_media":0,"comment_status":"open","ping_status":"open","sticky":false,"template":"","format":"standard","meta":{"_acf_changed":false,"footnotes":""},"categories":[1],"tags":[4349],"coauthors":[],"class_list":["post-10802","post","type-post","status-publish","format-standard","hentry","category-artikel","tag-lokale-journalistiek"],"acf":[],"yoast_head":"<!-- This site is optimized with the Yoast SEO plugin v26.0 - https:\/\/yoast.com\/wordpress\/plugins\/seo\/ -->\n<title>Journalismlab &#8211; Dag van de Lokale Journalistiek; nieuwe cijfers, nieuw boek<\/title>\n<meta name=\"robots\" content=\"index, follow, max-snippet:-1, max-image-preview:large, max-video-preview:-1\" \/>\n<link rel=\"canonical\" href=\"https:\/\/www.journalismlab.nl\/en\/dag-van-de-lokale-journalistiek-nieuwe-cijfers-nieuw-boek\/\" \/>\n<meta property=\"og:locale\" content=\"en_GB\" \/>\n<meta property=\"og:type\" content=\"article\" \/>\n<meta property=\"og:title\" content=\"Journalismlab &#8211; Dag van de Lokale Journalistiek; nieuwe cijfers, nieuw boek\" \/>\n<meta property=\"og:description\" content=\"In de afgelopen tien jaar zijn er in Nederland meer dan vierhonderd onafhankelijke online nieuwssites bijgekomen die met enig regelmaat eigen lokaal nieuws produceren. De eigenaren van deze sites worden professioneler in journalistieke aanpak en ook een bedrijfsmatiger manier van werken wordt vaker gezien. Er wordt ook nog wel veel ge\u00ebxperimenteerd, aldus de eigenaren. Het [&hellip;]\" \/>\n<meta property=\"og:url\" content=\"https:\/\/www.journalismlab.nl\/en\/dag-van-de-lokale-journalistiek-nieuwe-cijfers-nieuw-boek\/\" \/>\n<meta property=\"og:site_name\" content=\"Journalismlab\" \/>\n<meta property=\"article:published_time\" content=\"2015-06-08T12:36:52+00:00\" \/>\n<meta property=\"article:modified_time\" content=\"2021-07-06T14:50:07+00:00\" \/>\n<meta name=\"author\" content=\"Journalismlab\" \/>\n<meta name=\"twitter:card\" content=\"summary_large_image\" \/>\n<meta name=\"twitter:label1\" content=\"Written by\" \/>\n\t<meta name=\"twitter:data1\" content=\"Journalismlab\" \/>\n\t<meta name=\"twitter:label2\" content=\"Estimated reading time\" \/>\n\t<meta name=\"twitter:data2\" content=\"2 minutes\" \/>\n<script type=\"application\/ld+json\" class=\"yoast-schema-graph\">{\"@context\":\"https:\/\/schema.org\",\"@graph\":[{\"@type\":\"Article\",\"@id\":\"https:\/\/www.journalismlab.nl\/dag-van-de-lokale-journalistiek-nieuwe-cijfers-nieuw-boek\/#article\",\"isPartOf\":{\"@id\":\"https:\/\/www.journalismlab.nl\/dag-van-de-lokale-journalistiek-nieuwe-cijfers-nieuw-boek\/\"},\"author\":{\"name\":\"Journalismlab\",\"@id\":\"https:\/\/www.journalismlab.nl\/#\/schema\/person\/97b7ad4e9b9234c5a7bdc146d7008de6\"},\"headline\":\"Dag van de Lokale Journalistiek; nieuwe cijfers, nieuw boek\",\"datePublished\":\"2015-06-08T12:36:52+00:00\",\"dateModified\":\"2021-07-06T14:50:07+00:00\",\"mainEntityOfPage\":{\"@id\":\"https:\/\/www.journalismlab.nl\/dag-van-de-lokale-journalistiek-nieuwe-cijfers-nieuw-boek\/\"},\"wordCount\":388,\"commentCount\":0,\"publisher\":{\"@id\":\"https:\/\/www.journalismlab.nl\/#organization\"},\"keywords\":[\"Lokale Journalistiek\"],\"articleSection\":[\"Artikel\"],\"inLanguage\":\"en-GB\",\"potentialAction\":[{\"@type\":\"CommentAction\",\"name\":\"Comment\",\"target\":[\"https:\/\/www.journalismlab.nl\/dag-van-de-lokale-journalistiek-nieuwe-cijfers-nieuw-boek\/#respond\"]}]},{\"@type\":\"WebPage\",\"@id\":\"https:\/\/www.journalismlab.nl\/dag-van-de-lokale-journalistiek-nieuwe-cijfers-nieuw-boek\/\",\"url\":\"https:\/\/www.journalismlab.nl\/dag-van-de-lokale-journalistiek-nieuwe-cijfers-nieuw-boek\/\",\"name\":\"Journalismlab &#8211; Dag van de Lokale Journalistiek; nieuwe cijfers, nieuw boek\",\"isPartOf\":{\"@id\":\"https:\/\/www.journalismlab.nl\/#website\"},\"datePublished\":\"2015-06-08T12:36:52+00:00\",\"dateModified\":\"2021-07-06T14:50:07+00:00\",\"breadcrumb\":{\"@id\":\"https:\/\/www.journalismlab.nl\/dag-van-de-lokale-journalistiek-nieuwe-cijfers-nieuw-boek\/#breadcrumb\"},\"inLanguage\":\"en-GB\",\"potentialAction\":[{\"@type\":\"ReadAction\",\"target\":[\"https:\/\/www.journalismlab.nl\/dag-van-de-lokale-journalistiek-nieuwe-cijfers-nieuw-boek\/\"]}]},{\"@type\":\"BreadcrumbList\",\"@id\":\"https:\/\/www.journalismlab.nl\/dag-van-de-lokale-journalistiek-nieuwe-cijfers-nieuw-boek\/#breadcrumb\",\"itemListElement\":[{\"@type\":\"ListItem\",\"position\":1,\"name\":\"Lokale Journalistiek\",\"item\":\"https:\/\/www.journalismlab.nl\/thema\/lokale-journalistiek\/\"},{\"@type\":\"ListItem\",\"position\":2,\"name\":\"Dag van de Lokale Journalistiek; nieuwe cijfers, nieuw boek\"}]},{\"@type\":\"WebSite\",\"@id\":\"https:\/\/www.journalismlab.nl\/#website\",\"url\":\"https:\/\/www.journalismlab.nl\/\",\"name\":\"Journalismlab\",\"description\":\"Lectoraat journalistiek van de Hogeschool Utrecht\",\"publisher\":{\"@id\":\"https:\/\/www.journalismlab.nl\/#organization\"},\"potentialAction\":[{\"@type\":\"SearchAction\",\"target\":{\"@type\":\"EntryPoint\",\"urlTemplate\":\"https:\/\/www.journalismlab.nl\/?s={search_term_string}\"},\"query-input\":{\"@type\":\"PropertyValueSpecification\",\"valueRequired\":true,\"valueName\":\"search_term_string\"}}],\"inLanguage\":\"en-GB\"},{\"@type\":\"Organization\",\"@id\":\"https:\/\/www.journalismlab.nl\/#organization\",\"name\":\"Journalismlab\",\"url\":\"https:\/\/www.journalismlab.nl\/\",\"logo\":{\"@type\":\"ImageObject\",\"inLanguage\":\"en-GB\",\"@id\":\"https:\/\/www.journalismlab.nl\/#\/schema\/logo\/image\/\",\"url\":\"https:\/\/www.journalismlab.nl\/wp-content\/uploads\/2021\/04\/journalismlab-footer.png\",\"contentUrl\":\"https:\/\/www.journalismlab.nl\/wp-content\/uploads\/2021\/04\/journalismlab-footer.png\",\"width\":503,\"height\":84,\"caption\":\"Journalismlab\"},\"image\":{\"@id\":\"https:\/\/www.journalismlab.nl\/#\/schema\/logo\/image\/\"}},{\"@type\":\"Person\",\"@id\":\"https:\/\/www.journalismlab.nl\/#\/schema\/person\/97b7ad4e9b9234c5a7bdc146d7008de6\",\"name\":\"Journalismlab\",\"image\":{\"@type\":\"ImageObject\",\"inLanguage\":\"en-GB\",\"@id\":\"https:\/\/www.journalismlab.nl\/#\/schema\/person\/image\/f05eef306597ac9e3bf455d656775d30\",\"url\":\"https:\/\/www.journalismlab.nl\/wp-content\/uploads\/2021\/04\/journalismlab-favicon.png\",\"contentUrl\":\"https:\/\/www.journalismlab.nl\/wp-content\/uploads\/2021\/04\/journalismlab-favicon.png\",\"caption\":\"Journalismlab\"},\"url\":\"https:\/\/www.journalismlab.nl\/en\/author\/journalismlab\/\"}]}<\/script>\n<!-- \/ Yoast SEO plugin. -->","yoast_head_json":{"title":"Journalismlab &#8211; Dag van de Lokale Journalistiek; nieuwe cijfers, nieuw boek","robots":{"index":"index","follow":"follow","max-snippet":"max-snippet:-1","max-image-preview":"max-image-preview:large","max-video-preview":"max-video-preview:-1"},"canonical":"https:\/\/www.journalismlab.nl\/en\/dag-van-de-lokale-journalistiek-nieuwe-cijfers-nieuw-boek\/","og_locale":"en_GB","og_type":"article","og_title":"Journalismlab &#8211; Dag van de Lokale Journalistiek; nieuwe cijfers, nieuw boek","og_description":"In de afgelopen tien jaar zijn er in Nederland meer dan vierhonderd onafhankelijke online nieuwssites bijgekomen die met enig regelmaat eigen lokaal nieuws produceren. De eigenaren van deze sites worden professioneler in journalistieke aanpak en ook een bedrijfsmatiger manier van werken wordt vaker gezien. Er wordt ook nog wel veel ge\u00ebxperimenteerd, aldus de eigenaren. Het [&hellip;]","og_url":"https:\/\/www.journalismlab.nl\/en\/dag-van-de-lokale-journalistiek-nieuwe-cijfers-nieuw-boek\/","og_site_name":"Journalismlab","article_published_time":"2015-06-08T12:36:52+00:00","article_modified_time":"2021-07-06T14:50:07+00:00","author":"Journalismlab","twitter_card":"summary_large_image","twitter_misc":{"Written by":"Journalismlab","Estimated reading time":"2 minutes"},"schema":{"@context":"https:\/\/schema.org","@graph":[{"@type":"Article","@id":"https:\/\/www.journalismlab.nl\/dag-van-de-lokale-journalistiek-nieuwe-cijfers-nieuw-boek\/#article","isPartOf":{"@id":"https:\/\/www.journalismlab.nl\/dag-van-de-lokale-journalistiek-nieuwe-cijfers-nieuw-boek\/"},"author":{"name":"Journalismlab","@id":"https:\/\/www.journalismlab.nl\/#\/schema\/person\/97b7ad4e9b9234c5a7bdc146d7008de6"},"headline":"Dag van de Lokale Journalistiek; nieuwe cijfers, nieuw boek","datePublished":"2015-06-08T12:36:52+00:00","dateModified":"2021-07-06T14:50:07+00:00","mainEntityOfPage":{"@id":"https:\/\/www.journalismlab.nl\/dag-van-de-lokale-journalistiek-nieuwe-cijfers-nieuw-boek\/"},"wordCount":388,"commentCount":0,"publisher":{"@id":"https:\/\/www.journalismlab.nl\/#organization"},"keywords":["Lokale Journalistiek"],"articleSection":["Artikel"],"inLanguage":"en-GB","potentialAction":[{"@type":"CommentAction","name":"Comment","target":["https:\/\/www.journalismlab.nl\/dag-van-de-lokale-journalistiek-nieuwe-cijfers-nieuw-boek\/#respond"]}]},{"@type":"WebPage","@id":"https:\/\/www.journalismlab.nl\/dag-van-de-lokale-journalistiek-nieuwe-cijfers-nieuw-boek\/","url":"https:\/\/www.journalismlab.nl\/dag-van-de-lokale-journalistiek-nieuwe-cijfers-nieuw-boek\/","name":"Journalismlab &#8211; Dag van de Lokale Journalistiek; nieuwe cijfers, nieuw boek","isPartOf":{"@id":"https:\/\/www.journalismlab.nl\/#website"},"datePublished":"2015-06-08T12:36:52+00:00","dateModified":"2021-07-06T14:50:07+00:00","breadcrumb":{"@id":"https:\/\/www.journalismlab.nl\/dag-van-de-lokale-journalistiek-nieuwe-cijfers-nieuw-boek\/#breadcrumb"},"inLanguage":"en-GB","potentialAction":[{"@type":"ReadAction","target":["https:\/\/www.journalismlab.nl\/dag-van-de-lokale-journalistiek-nieuwe-cijfers-nieuw-boek\/"]}]},{"@type":"BreadcrumbList","@id":"https:\/\/www.journalismlab.nl\/dag-van-de-lokale-journalistiek-nieuwe-cijfers-nieuw-boek\/#breadcrumb","itemListElement":[{"@type":"ListItem","position":1,"name":"Lokale Journalistiek","item":"https:\/\/www.journalismlab.nl\/thema\/lokale-journalistiek\/"},{"@type":"ListItem","position":2,"name":"Dag van de Lokale Journalistiek; nieuwe cijfers, nieuw boek"}]},{"@type":"WebSite","@id":"https:\/\/www.journalismlab.nl\/#website","url":"https:\/\/www.journalismlab.nl\/","name":"Journalismlab","description":"Lectoraat journalistiek van de Hogeschool Utrecht","publisher":{"@id":"https:\/\/www.journalismlab.nl\/#organization"},"potentialAction":[{"@type":"SearchAction","target":{"@type":"EntryPoint","urlTemplate":"https:\/\/www.journalismlab.nl\/?s={search_term_string}"},"query-input":{"@type":"PropertyValueSpecification","valueRequired":true,"valueName":"search_term_string"}}],"inLanguage":"en-GB"},{"@type":"Organization","@id":"https:\/\/www.journalismlab.nl\/#organization","name":"Journalismlab","url":"https:\/\/www.journalismlab.nl\/","logo":{"@type":"ImageObject","inLanguage":"en-GB","@id":"https:\/\/www.journalismlab.nl\/#\/schema\/logo\/image\/","url":"https:\/\/www.journalismlab.nl\/wp-content\/uploads\/2021\/04\/journalismlab-footer.png","contentUrl":"https:\/\/www.journalismlab.nl\/wp-content\/uploads\/2021\/04\/journalismlab-footer.png","width":503,"height":84,"caption":"Journalismlab"},"image":{"@id":"https:\/\/www.journalismlab.nl\/#\/schema\/logo\/image\/"}},{"@type":"Person","@id":"https:\/\/www.journalismlab.nl\/#\/schema\/person\/97b7ad4e9b9234c5a7bdc146d7008de6","name":"Journalismlab","image":{"@type":"ImageObject","inLanguage":"en-GB","@id":"https:\/\/www.journalismlab.nl\/#\/schema\/person\/image\/f05eef306597ac9e3bf455d656775d30","url":"https:\/\/www.journalismlab.nl\/wp-content\/uploads\/2021\/04\/journalismlab-favicon.png","contentUrl":"https:\/\/www.journalismlab.nl\/wp-content\/uploads\/2021\/04\/journalismlab-favicon.png","caption":"Journalismlab"},"url":"https:\/\/www.journalismlab.nl\/en\/author\/journalismlab\/"}]}},"_links":{"self":[{"href":"https:\/\/www.journalismlab.nl\/en\/wp-json\/wp\/v2\/posts\/10802","targetHints":{"allow":["GET"]}}],"collection":[{"href":"https:\/\/www.journalismlab.nl\/en\/wp-json\/wp\/v2\/posts"}],"about":[{"href":"https:\/\/www.journalismlab.nl\/en\/wp-json\/wp\/v2\/types\/post"}],"author":[{"embeddable":true,"href":"https:\/\/www.journalismlab.nl\/en\/wp-json\/wp\/v2\/users\/42"}],"replies":[{"embeddable":true,"href":"https:\/\/www.journalismlab.nl\/en\/wp-json\/wp\/v2\/comments?post=10802"}],"version-history":[{"count":1,"href":"https:\/\/www.journalismlab.nl\/en\/wp-json\/wp\/v2\/posts\/10802\/revisions"}],"predecessor-version":[{"id":19937,"href":"https:\/\/www.journalismlab.nl\/en\/wp-json\/wp\/v2\/posts\/10802\/revisions\/19937"}],"wp:attachment":[{"href":"https:\/\/www.journalismlab.nl\/en\/wp-json\/wp\/v2\/media?parent=10802"}],"wp:term":[{"taxonomy":"category","embeddable":true,"href":"https:\/\/www.journalismlab.nl\/en\/wp-json\/wp\/v2\/categories?post=10802"},{"taxonomy":"post_tag","embeddable":true,"href":"https:\/\/www.journalismlab.nl\/en\/wp-json\/wp\/v2\/tags?post=10802"},{"taxonomy":"author","embeddable":true,"href":"https:\/\/www.journalismlab.nl\/en\/wp-json\/wp\/v2\/coauthors?post=10802"}],"curies":[{"name":"wp","href":"https:\/\/api.w.org\/{rel}","templated":true}]}}